{"id":87305,"date":"2022-09-18T17:03:53","date_gmt":"2022-09-18T15:03:53","guid":{"rendered":"https:\/\/donnobikes.com\/?p=87305"},"modified":"2024-04-02T16:20:24","modified_gmt":"2024-04-02T14:20:24","slug":"comparaison-des-moteurs-central-et-arriere-des-velos-electriques","status":"publish","type":"post","link":"https:\/\/donnobikes.com\/fr\/comparaison-des-moteurs-central-et-arriere-des-velos-electriques\/","title":{"rendered":"Comparaison entre le moteur central et le moteur arri\u00e8re des v\u00e9los \u00e9lectriques"},"content":{"rendered":"<p><strong>Vous souhaitez acheter un v\u00e9lo \u00e9lectrique mais ne savez pas si vous devez choisir un v\u00e9lo \u00e0 moteur central ou un v\u00e9lo dont le moteur se trouve dans le moyeu de la roue arri\u00e8re ? D\u00e9couvrez comment les deux se comparent en lisant l'article.<\/strong><\/p>\n<p>Vous avez enfin d\u00e9cid\u00e9 d'acheter votre nouvelle <strong>v\u00e9lo \u00e9lectrique<\/strong> mais en parcourant les diff\u00e9rents sites web, les groupes Facebook et en examinant les nombreuses offres de vente, vous ne savez pas si vous devez le choisir en fonction de vos besoins. <strong>le moteur \u00e9lectrique central<\/strong>  ou avec <strong>le moteur dans le moyeu de la roue arri\u00e8re<\/strong> ? Quelle est la meilleure solution pour vos besoins ?<\/p>\n<p>Pour clarifier un peu vos id\u00e9es, nous vous conseillons de <em>lire cet article<\/em> o\u00f9 nous expliquons les principales caract\u00e9ristiques des deux cat\u00e9gories.<\/p>\n<h2 id=\"0\">Comparaison entre un moteur central et un moteur \u00e0 moyeu arri\u00e8re<\/h2>\n<p>Les principales diff\u00e9rences entre les deux types de moteurs sont les suivantes <strong>moteur central<\/strong> est situ\u00e9 au milieu du cadre du v\u00e9lo, pr\u00e8s des p\u00e9dales, et transmet la puissance aux roues par l'interm\u00e9diaire de la cha\u00eene. \u00c8 <strong>tr\u00e8s puissant<\/strong> et propose une <strong>une grande autonomie<\/strong> mais <strong>est lourd<\/strong> Le syst\u00e8me de gestion de l'information de la Commission europ\u00e9enne est un syst\u00e8me de gestion de l'information de la Commission europ\u00e9enne. <em>des itin\u00e9raires plus difficiles<\/em> Ce n'est pas un hasard si la plupart des VTT \u00e9lectriques sont con\u00e7us avec ce type de moteur.<\/p>\n<p>Les <strong>moteur dans le moyeu arri\u00e8re<\/strong> se trouve \u00e0 l'int\u00e9rieur du moyeu de la roue arri\u00e8re (la partie centrale de la roue qui sert de point d'appui \u00e0 la roue, lui permet de tourner et maintient les rayons en place) et transmet l'\u00e9nergie directement \u00e0 la roue. \u00c8 <strong>plus l\u00e9ger<\/strong> , garanties <strong>grande puissance<\/strong> e <strong>l'autonomie<\/strong> et convient pour <em>des itin\u00e9raires plus faciles et moins exigeants<\/em> comme le trajet domicile-bureau-supermarch\u00e9.<\/p>\n<h2 id=\"1\">Comment le moteur central fonctionne-t-il dans les v\u00e9los \u00e9lectriques ?<\/h2>\n<p>Il est situ\u00e9 au centre du v\u00e9lo, dans le cadre, au niveau du p\u00e9dalier, o\u00f9 deux roulements font tourner les manivelles et les p\u00e9dales, ce qui permet au moteur d'intervenir directement lors du mouvement des p\u00e9dales.<\/p>\n<p><strong><span style=\"vertical-align: inherit;\"><span style=\"vertical-align: inherit;\"><span style=\"vertical-align: inherit;\"><span style=\"vertical-align: inherit;\"><span style=\"vertical-align: inherit;\"><span style=\"vertical-align: inherit;\">Comment cela fonctionne-t-il ? <\/span><\/span><\/span><\/span><\/span><\/span><\/strong><span style=\"vertical-align: inherit;\"><span style=\"vertical-align: inherit;\"><span style=\"vertical-align: inherit;\"><span style=\"vertical-align: inherit;\"><span style=\"vertical-align: inherit;\"><span style=\"vertical-align: inherit;\">C'est tr\u00e8s simple, gr\u00e2ce au moteur central, il n'y a pas de d\u00e9lai entre le mouvement des p\u00e9dales et la fourniture de la puissance du moteur, qui s'autor\u00e9gule en fonction de la force exerc\u00e9e par le conducteur sur les p\u00e9dales.<\/span><\/span><\/span><\/span><\/span><\/span><br \/>\n&nbsp;<br \/>\n<figure id=\"attachment_87320\" aria-describedby=\"caption-attachment-87320\" style=\"width: 400px\" class=\"wp-caption alignright\"><img loading=\"lazy\" decoding=\"async\" class=\"wp-image-87320 size-medium\" src=\"https:\/\/donnobikes.com\/wp-content\/uploads\/2023\/01\/COR09093-400x267.jpg\" alt=\"Le moteur central Bafang dans l&#039;e-bike iO InBicy\" width=\"400\" height=\"267\" \/><figcaption id=\"caption-attachment-87320\" class=\"wp-caption-text\"><span style=\"vertical-align: inherit;\"><span style=\"vertical-align: inherit;\"><span style=\"vertical-align: inherit;\"><span style=\"vertical-align: inherit;\"><span style=\"vertical-align: inherit;\"><span style=\"vertical-align: inherit;\">Les <\/span><\/span><\/span><\/span><\/span><\/span><strong><span style=\"vertical-align: inherit;\"><span style=\"vertical-align: inherit;\"><span style=\"vertical-align: inherit;\"><span style=\"vertical-align: inherit;\"><span style=\"vertical-align: inherit;\"><span style=\"vertical-align: inherit;\">Moteur central Bafang 250W<\/span><\/span><\/span><\/span><\/span><\/span><\/strong><span style=\"vertical-align: inherit;\"><span style=\"vertical-align: inherit;\"><span style=\"vertical-align: inherit;\"><span style=\"vertical-align: inherit;\"><span style=\"vertical-align: inherit;\"><span style=\"vertical-align: inherit;\"> du v\u00e9lo cargo multifonctionnel <\/span><\/span><\/span><\/span><\/span><\/span><a href=\"https:\/\/donnobikes.com\/fr\/produit\/la-puissance-du-velo\/\"><strong><span style=\"vertical-align: inherit;\"><span style=\"vertical-align: inherit;\"><span style=\"vertical-align: inherit;\"><span style=\"vertical-align: inherit;\"><span style=\"vertical-align: inherit;\"><span style=\"vertical-align: inherit;\">iO InBicy<\/span><\/span><\/span><\/span><\/span><\/span><\/strong><\/a><\/figcaption><\/figure><br \/>\n<span style=\"vertical-align: inherit;\"><span style=\"vertical-align: inherit;\"><span style=\"vertical-align: inherit;\"><span style=\"vertical-align: inherit;\"><span style=\"vertical-align: inherit;\"><span style=\"vertical-align: inherit;\">Lors de l'utilisation du v\u00e9lo, le <\/span><\/span><\/span><\/span><\/span><\/span><a href=\"#7\"><strong><span style=\"vertical-align: inherit;\"><span style=\"vertical-align: inherit;\"><span style=\"vertical-align: inherit;\"><span style=\"vertical-align: inherit;\"><span style=\"vertical-align: inherit;\"><span style=\"vertical-align: inherit;\">capteur de couple<\/span><\/span><\/span><\/span><\/span><\/span><\/strong><\/a><span style=\"vertical-align: inherit;\"><span style=\"vertical-align: inherit;\"><span style=\"vertical-align: inherit;\"><span style=\"vertical-align: inherit;\"><span style=\"vertical-align: inherit;\"><span style=\"vertical-align: inherit;\"> dans le moteur d\u00e9tecte la vitesse de la bicyclette et la puissance n\u00e9cessaire pour soutenir le p\u00e9dalage. <\/span><\/span><\/span><\/span><\/span><span style=\"vertical-align: inherit;\"><span style=\"vertical-align: inherit;\"><span style=\"vertical-align: inherit;\"><span style=\"vertical-align: inherit;\"><span style=\"vertical-align: inherit;\">Il transmet cette information au variateur de vitesse qui, \u00e0 son tour, ajuste la quantit\u00e9 de courant envoy\u00e9e au moteur pour assurer l'assistance au p\u00e9dalage ad\u00e9quate.<\/span><\/span><\/span><\/span><\/span><\/span><br \/>\n<span style=\"vertical-align: inherit;\"><span style=\"vertical-align: inherit;\"><span style=\"vertical-align: inherit;\"><span style=\"vertical-align: inherit;\"><span style=\"vertical-align: inherit;\"><span style=\"vertical-align: inherit;\">Il est particuli\u00e8rement utile pour <\/span><\/span><\/span><\/span><\/span><\/span><strong><span style=\"vertical-align: inherit;\"><span style=\"vertical-align: inherit;\"><span style=\"vertical-align: inherit;\"><span style=\"vertical-align: inherit;\"><span style=\"vertical-align: inherit;\"><span style=\"vertical-align: inherit;\">v\u00e9lo \u00e9lectrique haute performance<\/span><\/span><\/span><\/span><\/span><\/span><\/strong><span style=\"vertical-align: inherit;\"><span style=\"vertical-align: inherit;\"><span style=\"vertical-align: inherit;\"><span style=\"vertical-align: inherit;\"><span style=\"vertical-align: inherit;\"><span style=\"vertical-align: inherit;\"> en raison de ses performances et de son autonomie, et parce qu'il offre une grande efficacit\u00e9 dans l'utilisation de l'\u00e9nergie, en \u00e9vitant les pertes de puissance.<\/span><\/span><\/span><\/span><\/span><\/span><br \/>\n&nbsp;<br \/>\n&nbsp;<\/p>\n<h3 id=\"2\">Avantages et inconv\u00e9nients du moteur central<\/h3>\n<p><span style=\"vertical-align: inherit;\"><span style=\"vertical-align: inherit;\"><span style=\"vertical-align: inherit;\"><span style=\"vertical-align: inherit;\"><span style=\"vertical-align: inherit;\"><span style=\"vertical-align: inherit;\">I <\/span><\/span><\/span><\/span><\/span><\/span><strong><span style=\"vertical-align: inherit;\"><span style=\"vertical-align: inherit;\"><span style=\"vertical-align: inherit;\"><span style=\"vertical-align: inherit;\"><span style=\"vertical-align: inherit;\"><span style=\"vertical-align: inherit;\">avantages du moteur central<\/span><\/span><\/span><\/span><\/span><\/span><\/strong><span style=\"vertical-align: inherit;\"><span style=\"vertical-align: inherit;\"><span style=\"vertical-align: inherit;\"><span style=\"vertical-align: inherit;\"><span style=\"vertical-align: inherit;\"><span style=\"vertical-align: inherit;\"> dans les v\u00e9los \u00e9lectriques :<\/span><\/span><\/span><\/span><\/span><\/span><\/p>\n<ul>\n<li><strong><span style=\"vertical-align: inherit;\"><span style=\"vertical-align: inherit;\"><span style=\"vertical-align: inherit;\"><span style=\"vertical-align: inherit;\"><span style=\"vertical-align: inherit;\"><span style=\"vertical-align: inherit;\">Puissance \u00e9lev\u00e9e<\/span><\/span><\/span><\/span><\/span><\/span><\/strong><span style=\"vertical-align: inherit;\"><span style=\"vertical-align: inherit;\"><span style=\"vertical-align: inherit;\"><span style=\"vertical-align: inherit;\"><span style=\"vertical-align: inherit;\"><span style=\"vertical-align: inherit;\"> Le moteur central est tr\u00e8s puissant, il agit directement sur la transmission et fournit une excellente assistance au p\u00e9dalage dans les mont\u00e9es les plus raides ou sur les pistes tout-terrain les plus complexes.<\/span><\/span><\/span><\/span><\/span><\/span><\/li>\n<li><strong><span style=\"vertical-align: inherit;\"><span style=\"vertical-align: inherit;\"><span style=\"vertical-align: inherit;\"><span style=\"vertical-align: inherit;\"><span style=\"vertical-align: inherit;\"><span style=\"vertical-align: inherit;\">Grande autonomie<\/span><\/span><\/span><\/span><\/span><\/span><\/strong><span style=\"vertical-align: inherit;\"><span style=\"vertical-align: inherit;\"><span style=\"vertical-align: inherit;\"><span style=\"vertical-align: inherit;\"><span style=\"vertical-align: inherit;\"><span style=\"vertical-align: inherit;\"> Le moteur central \u00e9tant tr\u00e8s efficace dans l'utilisation de l'\u00e9nergie, une batterie de taille moyenne peut fournir une autonomie tr\u00e8s \u00e9lev\u00e9e.<\/span><\/span><\/span><\/span><\/span><\/span><\/li>\n<li><strong><span style=\"vertical-align: inherit;\"><span style=\"vertical-align: inherit;\"><span style=\"vertical-align: inherit;\"><span style=\"vertical-align: inherit;\"><span style=\"vertical-align: inherit;\"><span style=\"vertical-align: inherit;\">R\u00e9sistance aux chocs :<\/span><\/span><\/span><\/span><\/span><\/span><\/strong><span style=\"vertical-align: inherit;\"><span style=\"vertical-align: inherit;\"><span style=\"vertical-align: inherit;\"><span style=\"vertical-align: inherit;\"><span style=\"vertical-align: inherit;\"><span style=\"vertical-align: inherit;\"> le moteur central, solidement fix\u00e9 au ch\u00e2ssis, est stable et r\u00e9siste tr\u00e8s bien aux secousses, aux nids-de-poule et aux vibrations, ce qui le rend id\u00e9al pour les itin\u00e9raires hors route.<\/span><\/span><\/span><\/span><\/span><\/span><\/li>\n<\/ul>\n<p><span style=\"vertical-align: inherit;\"><span style=\"vertical-align: inherit;\"><span style=\"vertical-align: inherit;\"><span style=\"vertical-align: inherit;\"><span style=\"vertical-align: inherit;\"><span style=\"vertical-align: inherit;\">Les <\/span><\/span><\/span><\/span><\/span><\/span><strong><span style=\"vertical-align: inherit;\"><span style=\"vertical-align: inherit;\"><span style=\"vertical-align: inherit;\"><span style=\"vertical-align: inherit;\"><span style=\"vertical-align: inherit;\"><span style=\"vertical-align: inherit;\">les inconv\u00e9nients du moteur central<\/span><\/span><\/span><\/span><\/span><\/span><\/strong><span style=\"vertical-align: inherit;\"><span style=\"vertical-align: inherit;\"><span style=\"vertical-align: inherit;\"><span style=\"vertical-align: inherit;\"><span style=\"vertical-align: inherit;\"><span style=\"vertical-align: inherit;\"> dans les v\u00e9los \u00e9lectriques :<\/span><\/span><\/span><\/span><\/span><\/span><\/p>\n<ul>\n<li><strong><span style=\"vertical-align: inherit;\"><span style=\"vertical-align: inherit;\"><span style=\"vertical-align: inherit;\"><span style=\"vertical-align: inherit;\"><span style=\"vertical-align: inherit;\"><span style=\"vertical-align: inherit;\">Poids plus \u00e9lev\u00e9<\/span><\/span><\/span><\/span><\/span><\/span><\/strong><span style=\"vertical-align: inherit;\"><span style=\"vertical-align: inherit;\"><span style=\"vertical-align: inherit;\"><span style=\"vertical-align: inherit;\"><span style=\"vertical-align: inherit;\"><span style=\"vertical-align: inherit;\"> Le moteur central est plus lourd qu'un moteur situ\u00e9 dans le moyeu, de sorte que la bicyclette peut \u00eatre plus lourde \u00e0 man\u0153uvrer.<\/span><\/span><\/span><\/span><\/span><\/span><\/li>\n<li><strong><span style=\"vertical-align: inherit;\"><span style=\"vertical-align: inherit;\"><span style=\"vertical-align: inherit;\"><span style=\"vertical-align: inherit;\"><span style=\"vertical-align: inherit;\"><span style=\"vertical-align: inherit;\">R\u00e9parations plus complexes<\/span><\/span><\/span><\/span><\/span><\/span><\/strong><span style=\"vertical-align: inherit;\"><span style=\"vertical-align: inherit;\"><span style=\"vertical-align: inherit;\"><span style=\"vertical-align: inherit;\"><span style=\"vertical-align: inherit;\"><span style=\"vertical-align: inherit;\"> Le moteur central est con\u00e7u avec une m\u00e9canique plus complexe qu'un moteur dans le moyeu, ce qui entra\u00eene des r\u00e9parations plus exigeantes et plus co\u00fbteuses.<\/span><\/span><\/span><\/span><\/span><\/span><\/li>\n<li><strong><span style=\"vertical-align: inherit;\"><span style=\"vertical-align: inherit;\"><span style=\"vertical-align: inherit;\"><span style=\"vertical-align: inherit;\"><span style=\"vertical-align: inherit;\"><span style=\"vertical-align: inherit;\">R\u00e9sistance au p\u00e9dalage<\/span><\/span><\/span><\/span><\/span><\/span><\/strong><span style=\"vertical-align: inherit;\"><span style=\"vertical-align: inherit;\"><span style=\"vertical-align: inherit;\"><span style=\"vertical-align: inherit;\"><span style=\"vertical-align: inherit;\"><span style=\"vertical-align: inherit;\"> Lorsque le moteur est \u00e9teint, il y a souvent une r\u00e9sistance au p\u00e9dalage normal, ce qui oblige le cycliste \u00e0 travailler aussi dur que lors d'un entra\u00eenement intensif.<\/span><\/span><\/span><\/span><\/span><\/span><\/li>\n<\/ul>\n<p style=\"text-align: center;\"><a href=\"https:\/\/donnobikes.com\/fr\/categorie-de-produits\/inbicy\/\"><img loading=\"lazy\" decoding=\"async\" class=\"aligncenter wp-image-87223 size-medium\" src=\"https:\/\/donnobikes.com\/wp-content\/uploads\/2022\/05\/COR09150-400x267.jpg\" alt=\"\" width=\"400\" height=\"267\" \/><\/a><span style=\"vertical-align: inherit;\"><span style=\"vertical-align: inherit;\"><span style=\"vertical-align: inherit;\"><span style=\"vertical-align: inherit;\"><span style=\"vertical-align: inherit;\"><span style=\"vertical-align: inherit;\">Parmi nos meilleurs mod\u00e8les de v\u00e9los \u00e9lectriques \u00e0 moteur central : <\/span><\/span><\/span><\/span><\/span><\/span><strong><span style=\"vertical-align: inherit;\"><span style=\"vertical-align: inherit;\"><span style=\"vertical-align: inherit;\"><span style=\"vertical-align: inherit;\"><span style=\"vertical-align: inherit;\"><span style=\"vertical-align: inherit;\">iO InBicy<\/span><\/span><\/span><\/span><\/span><\/span><\/strong><span style=\"vertical-align: inherit;\"><span style=\"vertical-align: inherit;\"><span style=\"vertical-align: inherit;\"><span style=\"vertical-align: inherit;\"><span style=\"vertical-align: inherit;\"><span style=\"vertical-align: inherit;\"> . <\/span><\/span><\/span><\/span><\/span><span style=\"vertical-align: inherit;\"><span style=\"vertical-align: inherit;\"><span style=\"vertical-align: inherit;\"><span style=\"vertical-align: inherit;\"><span style=\"vertical-align: inherit;\">La r\u00e9volution <\/span><\/span><\/span><\/span><\/span><\/span><em><span style=\"vertical-align: inherit;\"><span style=\"vertical-align: inherit;\"><span style=\"vertical-align: inherit;\"><span style=\"vertical-align: inherit;\"><span style=\"vertical-align: inherit;\"><span style=\"vertical-align: inherit;\">Fabriqu\u00e9 en Italie<\/span><\/span><\/span><\/span><\/span><\/span><\/em><span style=\"vertical-align: inherit;\"><span style=\"vertical-align: inherit;\"><span style=\"vertical-align: inherit;\"><span style=\"vertical-align: inherit;\"><span style=\"vertical-align: inherit;\"><span style=\"vertical-align: inherit;\"> de <\/span><\/span><\/span><\/span><\/span><\/span><em><span style=\"vertical-align: inherit;\"><span style=\"vertical-align: inherit;\"><span style=\"vertical-align: inherit;\"><span style=\"vertical-align: inherit;\"><span style=\"vertical-align: inherit;\"><span style=\"vertical-align: inherit;\">v\u00e9lo cargo<\/span><\/span><\/span><\/span><\/span><\/span><\/em><span style=\"vertical-align: inherit;\"><span style=\"vertical-align: inherit;\"><span style=\"vertical-align: inherit;\"><span style=\"vertical-align: inherit;\"><span style=\"vertical-align: inherit;\"><span style=\"vertical-align: inherit;\"> . <\/span><\/span><\/span><\/span><\/span><\/span><br \/>\n    <a href=\"https:\/\/donnobikes.com\/fr\/product\/io-inbicy-bafang-250-giallo\/\"><strong><span style=\"vertical-align: inherit;\"><span style=\"vertical-align: inherit;\"><span style=\"vertical-align: inherit;\"><span style=\"vertical-align: inherit;\"><span style=\"vertical-align: inherit;\"><span style=\"vertical-align: inherit;\">En savoir plus !<\/span><\/span><\/span><\/span><\/span><\/span><\/strong><\/a><\/p>\n<p>&nbsp;<\/p>\n<h2 id=\"3\">Fonctionnement du moteur dans le moyeu de la roue arri\u00e8re des v\u00e9los \u00e9lectriques<\/h2>\n<p><span style=\"vertical-align: inherit;\"><span style=\"vertical-align: inherit;\"><span style=\"vertical-align: inherit;\"><span style=\"vertical-align: inherit;\"><span style=\"vertical-align: inherit;\"><span style=\"vertical-align: inherit;\">Il est tr\u00e8s <\/span><\/span><\/span><\/span><\/span><\/span><em><span style=\"vertical-align: inherit;\"><span style=\"vertical-align: inherit;\"><span style=\"vertical-align: inherit;\"><span style=\"vertical-align: inherit;\"><span style=\"vertical-align: inherit;\"><span style=\"vertical-align: inherit;\">lumi\u00e8re<\/span><\/span><\/span><\/span><\/span><\/span><\/em><span style=\"vertical-align: inherit;\"><span style=\"vertical-align: inherit;\"><span style=\"vertical-align: inherit;\"><span style=\"vertical-align: inherit;\"><span style=\"vertical-align: inherit;\"><span style=\"vertical-align: inherit;\"> , <\/span><\/span><\/span><\/span><\/span><\/span><em><span style=\"vertical-align: inherit;\"><span style=\"vertical-align: inherit;\"><span style=\"vertical-align: inherit;\"><span style=\"vertical-align: inherit;\"><span style=\"vertical-align: inherit;\"><span style=\"vertical-align: inherit;\">compact<\/span><\/span><\/span><\/span><\/span><\/span><\/em><span style=\"vertical-align: inherit;\"><span style=\"vertical-align: inherit;\"><span style=\"vertical-align: inherit;\"><span style=\"vertical-align: inherit;\"><span style=\"vertical-align: inherit;\"><span style=\"vertical-align: inherit;\"> e <\/span><\/span><\/span><\/span><\/span><\/span><em><span style=\"vertical-align: inherit;\"><span style=\"vertical-align: inherit;\"><span style=\"vertical-align: inherit;\"><span style=\"vertical-align: inherit;\"><span style=\"vertical-align: inherit;\"><span style=\"vertical-align: inherit;\">facile \u00e0 adapter,<\/span><\/span><\/span><\/span><\/span><\/span><\/em><span style=\"vertical-align: inherit;\"><span style=\"vertical-align: inherit;\"><span style=\"vertical-align: inherit;\"><span style=\"vertical-align: inherit;\"><span style=\"vertical-align: inherit;\"><span style=\"vertical-align: inherit;\"> En fait, en \u00e9tant positionn\u00e9 au centre de la roue, il r\u00e9cup\u00e8re un espace pr\u00e9cieux dans le cadre. <\/span><\/span><\/span><\/span><\/span><span style=\"vertical-align: inherit;\"><span style=\"vertical-align: inherit;\"><span style=\"vertical-align: inherit;\"><span style=\"vertical-align: inherit;\"><span style=\"vertical-align: inherit;\">Pour ces principales raisons, le moteur du moyeu <\/span><\/span><\/span><\/span><\/span><\/span><strong><span style=\"vertical-align: inherit;\"><span style=\"vertical-align: inherit;\"><span style=\"vertical-align: inherit;\"><span style=\"vertical-align: inherit;\"><span style=\"vertical-align: inherit;\"><span style=\"vertical-align: inherit;\">est particuli\u00e8rement adapt\u00e9 aux v\u00e9los \u00e9lectriques qui privil\u00e9gient la l\u00e9g\u00e8ret\u00e9 et la praticit\u00e9<\/span><\/span><\/span><\/span><\/span><\/span><\/strong><span style=\"vertical-align: inherit;\"><span style=\"vertical-align: inherit;\"><span style=\"vertical-align: inherit;\"><span style=\"vertical-align: inherit;\"><span style=\"vertical-align: inherit;\"><span style=\"vertical-align: inherit;\"> .<\/span><\/span><\/span><\/span><\/span><\/span><br \/>\n&nbsp;<br \/>\n<figure id=\"attachment_87323\" aria-describedby=\"caption-attachment-87323\" style=\"width: 400px\" class=\"wp-caption alignright\"><img loading=\"lazy\" decoding=\"async\" class=\"wp-image-87323 size-medium\" src=\"https:\/\/donnobikes.com\/wp-content\/uploads\/2023\/01\/ahooga_comfort_ibrida_8-400x281.jpg\" alt=\"Moteur dans le moyeu arri\u00e8re du v\u00e9lo \u00e9lectrique pliant Ahooga\" width=\"400\" height=\"281\" \/><figcaption id=\"caption-attachment-87323\" class=\"wp-caption-text\"><span style=\"vertical-align: inherit;\"><span style=\"vertical-align: inherit;\"><span style=\"vertical-align: inherit;\"><span style=\"vertical-align: inherit;\"><span style=\"vertical-align: inherit;\"><span style=\"vertical-align: inherit;\">Le moteur dans le moyeu arri\u00e8re du v\u00e9lo \u00e9lectrique de ville <\/span><\/span><\/span><\/span><\/span><\/span><strong><a href=\"https:\/\/donnobikes.com\/fr\/categorie-de-produits\/ahooga-pieghevoli\/\"><span style=\"vertical-align: inherit;\"><span style=\"vertical-align: inherit;\"><span style=\"vertical-align: inherit;\"><span style=\"vertical-align: inherit;\"><span style=\"vertical-align: inherit;\"><span style=\"vertical-align: inherit;\">Dossier Ahooga<\/span><\/span><\/span><\/span><\/span><\/span><\/a><\/strong><\/figcaption><\/figure><br \/>\n<span style=\"vertical-align: inherit;\"><span style=\"vertical-align: inherit;\"><span style=\"vertical-align: inherit;\"><span style=\"vertical-align: inherit;\"><span style=\"vertical-align: inherit;\"><span style=\"vertical-align: inherit;\">Cette cat\u00e9gorie de moteur utilise un <\/span><\/span><\/span><\/span><\/span><\/span><strong><span style=\"vertical-align: inherit;\"><span style=\"vertical-align: inherit;\"><span style=\"vertical-align: inherit;\"><span style=\"vertical-align: inherit;\"><span style=\"vertical-align: inherit;\"><span style=\"vertical-align: inherit;\">capteur de p\u00e9dalage<\/span><\/span><\/span><\/span><\/span><\/span><\/strong><span style=\"vertical-align: inherit;\"><span style=\"vertical-align: inherit;\"><span style=\"vertical-align: inherit;\"><span style=\"vertical-align: inherit;\"><span style=\"vertical-align: inherit;\"><span style=\"vertical-align: inherit;\"> qui permet de p\u00e9daler sans le moindre effort, notamment sur les parcours plats et asphalt\u00e9s.<\/span><\/span><\/span><\/span><\/span><\/span><br \/>\n&nbsp;<br \/>\n<strong><span style=\"vertical-align: inherit;\"><span style=\"vertical-align: inherit;\"><span style=\"vertical-align: inherit;\"><span style=\"vertical-align: inherit;\"><span style=\"vertical-align: inherit;\"><span style=\"vertical-align: inherit;\">Comment cela fonctionne-t-il ? <\/span><\/span><\/span><\/span><\/span><\/span><\/strong><span style=\"vertical-align: inherit;\"><span style=\"vertical-align: inherit;\"><span style=\"vertical-align: inherit;\"><span style=\"vertical-align: inherit;\"><span style=\"vertical-align: inherit;\"><span style=\"vertical-align: inherit;\">Le moteur est activ\u00e9 par la simple <\/span><\/span><\/span><\/span><\/span><\/span><em><span style=\"vertical-align: inherit;\"><span style=\"vertical-align: inherit;\"><span style=\"vertical-align: inherit;\"><span style=\"vertical-align: inherit;\"><span style=\"vertical-align: inherit;\"><span style=\"vertical-align: inherit;\">rotation de la p\u00e9dale<\/span><\/span><\/span><\/span><\/span><\/span><\/em><span style=\"vertical-align: inherit;\"><span style=\"vertical-align: inherit;\"><span style=\"vertical-align: inherit;\"><span style=\"vertical-align: inherit;\"><span style=\"vertical-align: inherit;\"><span style=\"vertical-align: inherit;\"> et transmet une <\/span><\/span><\/span><\/span><\/span><\/span><strong><span style=\"vertical-align: inherit;\"><span style=\"vertical-align: inherit;\"><span style=\"vertical-align: inherit;\"><span style=\"vertical-align: inherit;\"><span style=\"vertical-align: inherit;\"><span style=\"vertical-align: inherit;\">puissance constante directement \u00e0 la roue arri\u00e8re<\/span><\/span><\/span><\/span><\/span><\/span><\/strong><span style=\"vertical-align: inherit;\"><span style=\"vertical-align: inherit;\"><span style=\"vertical-align: inherit;\"><span style=\"vertical-align: inherit;\"><span style=\"vertical-align: inherit;\"><span style=\"vertical-align: inherit;\"> sans passer par la cha\u00eene comme c'est le cas avec le moteur central, ce qui permet d'atteindre 25 km\/h en toute d\u00e9contraction, sans effort suppl\u00e9mentaire.<\/span><\/span><\/span><\/span><\/span><\/span><br \/>\n<span style=\"vertical-align: inherit;\"><span style=\"vertical-align: inherit;\"><span style=\"vertical-align: inherit;\"><span style=\"vertical-align: inherit;\"><span style=\"vertical-align: inherit;\"><span style=\"vertical-align: inherit;\">Il offre une <\/span><\/span><\/span><\/span><\/span><\/span><strong><span style=\"vertical-align: inherit;\"><span style=\"vertical-align: inherit;\"><span style=\"vertical-align: inherit;\"><span style=\"vertical-align: inherit;\"><span style=\"vertical-align: inherit;\"><span style=\"vertical-align: inherit;\">grande puissance de pouss\u00e9e<\/span><\/span><\/span><\/span><\/span><\/span><\/strong><span style=\"vertical-align: inherit;\"><span style=\"vertical-align: inherit;\"><span style=\"vertical-align: inherit;\"><span style=\"vertical-align: inherit;\"><span style=\"vertical-align: inherit;\"><span style=\"vertical-align: inherit;\"> Il est moins optimis\u00e9 en termes de consommation d'\u00e9nergie, mais il fournit la puissance directement \u00e0 la roue, sans user d'autres composants m\u00e9caniques tels que la transmission.<\/span><\/span><\/span><\/span><\/span><\/span><br \/>\n&nbsp;<br \/>\n<span style=\"vertical-align: inherit;\"><span style=\"vertical-align: inherit;\"><span style=\"vertical-align: inherit;\"><span style=\"vertical-align: inherit;\"><span style=\"vertical-align: inherit;\"><span style=\"vertical-align: inherit;\">Il convient principalement \u00e0 l'usage urbain et \u00e0 ceux qui utilisent le v\u00e9lo pour des trajets simples tels que les trajets urbains, ainsi que pour le trekking.<\/span><\/span><\/span><\/span><\/span><\/span><br \/>\n&nbsp;<\/p>\n<h3 id=\"4\">Avantages et inconv\u00e9nients du moteur dans le moyeu arri\u00e8re<\/h3>\n<p><span style=\"vertical-align: inherit;\"><span style=\"vertical-align: inherit;\"><span style=\"vertical-align: inherit;\"><span style=\"vertical-align: inherit;\"><span style=\"vertical-align: inherit;\"><span style=\"vertical-align: inherit;\">I <\/span><\/span><\/span><\/span><\/span><\/span><strong><span style=\"vertical-align: inherit;\"><span style=\"vertical-align: inherit;\"><span style=\"vertical-align: inherit;\"><span style=\"vertical-align: inherit;\"><span style=\"vertical-align: inherit;\"><span style=\"vertical-align: inherit;\">avantages<\/span><\/span><\/span><\/span><\/span><\/span><\/strong><span style=\"vertical-align: inherit;\"><span style=\"vertical-align: inherit;\"><span style=\"vertical-align: inherit;\"><span style=\"vertical-align: inherit;\"><span style=\"vertical-align: inherit;\"><span style=\"vertical-align: inherit;\"> du moteur dans le moyeu arri\u00e8re des v\u00e9los \u00e9lectriques :<\/span><\/span><\/span><\/span><\/span><\/span><\/p>\n<ul>\n<li><strong><span style=\"vertical-align: inherit;\"><span style=\"vertical-align: inherit;\"><span style=\"vertical-align: inherit;\"><span style=\"vertical-align: inherit;\"><span style=\"vertical-align: inherit;\"><span style=\"vertical-align: inherit;\">Excellente performance<\/span><\/span><\/span><\/span><\/span><\/span><\/strong><span style=\"vertical-align: inherit;\"><span style=\"vertical-align: inherit;\"><span style=\"vertical-align: inherit;\"><span style=\"vertical-align: inherit;\"><span style=\"vertical-align: inherit;\"><span style=\"vertical-align: inherit;\"> Il applique instantan\u00e9ment une force pour donner de la pouss\u00e9e \u00e0 la roue.<\/span><\/span><\/span><\/span><\/span><\/span><\/li>\n<li><strong><span style=\"vertical-align: inherit;\"><span style=\"vertical-align: inherit;\"><span style=\"vertical-align: inherit;\"><span style=\"vertical-align: inherit;\"><span style=\"vertical-align: inherit;\"><span style=\"vertical-align: inherit;\">Moins d'entretien<\/span><\/span><\/span><\/span><\/span><\/span><\/strong><span style=\"vertical-align: inherit;\"><span style=\"vertical-align: inherit;\"><span style=\"vertical-align: inherit;\"><span style=\"vertical-align: inherit;\"><span style=\"vertical-align: inherit;\"><span style=\"vertical-align: inherit;\"> Contrairement \u00e0 un moteur central, le moteur dans le moyeu use beaucoup moins les pi\u00e8ces m\u00e9caniques.<\/span><\/span><\/span><\/span><\/span><\/span><\/li>\n<li><strong><span style=\"vertical-align: inherit;\"><span style=\"vertical-align: inherit;\"><span style=\"vertical-align: inherit;\"><span style=\"vertical-align: inherit;\"><span style=\"vertical-align: inherit;\"><span style=\"vertical-align: inherit;\">Poids inf\u00e9rieur<\/span><\/span><\/span><\/span><\/span><\/span><\/strong><span style=\"vertical-align: inherit;\"><span style=\"vertical-align: inherit;\"><span style=\"vertical-align: inherit;\"><span style=\"vertical-align: inherit;\"><span style=\"vertical-align: inherit;\"><span style=\"vertical-align: inherit;\"> Le moteur dans le moyeu arri\u00e8re est plus l\u00e9ger qu'un moteur mont\u00e9 au milieu, ce qui rend le v\u00e9lo plus facile \u00e0 man\u0153uvrer. <\/span><\/span><\/span><\/span><\/span><span style=\"vertical-align: inherit;\"><span style=\"vertical-align: inherit;\"><span style=\"vertical-align: inherit;\"><span style=\"vertical-align: inherit;\"><span style=\"vertical-align: inherit;\">Parfait pour les v\u00e9los \u00e9lectriques ultral\u00e9gers.<\/span><\/span><\/span><\/span><\/span><\/span><\/li>\n<li><strong><span style=\"vertical-align: inherit;\"><span style=\"vertical-align: inherit;\"><span style=\"vertical-align: inherit;\"><span style=\"vertical-align: inherit;\"><span style=\"vertical-align: inherit;\"><span style=\"vertical-align: inherit;\">Simplicit\u00e9 de construction<\/span><\/span><\/span><\/span><\/span><\/span><\/strong><span style=\"vertical-align: inherit;\"><span style=\"vertical-align: inherit;\"><span style=\"vertical-align: inherit;\"><span style=\"vertical-align: inherit;\"><span style=\"vertical-align: inherit;\"><span style=\"vertical-align: inherit;\"> Le moteur du moyeu arri\u00e8re est plus simple qu'un moteur central, ce qui signifie que les r\u00e9parations sont plus simples et moins co\u00fbteuses.<\/span><\/span><\/span><\/span><\/span><\/span><\/li>\n<li><strong><span style=\"vertical-align: inherit;\"><span style=\"vertical-align: inherit;\"><span style=\"vertical-align: inherit;\"><span style=\"vertical-align: inherit;\"><span style=\"vertical-align: inherit;\"><span style=\"vertical-align: inherit;\">C'est comme une moto muscl\u00e9e<\/span><\/span><\/span><\/span><\/span><\/span><\/strong><span style=\"vertical-align: inherit;\"><span style=\"vertical-align: inherit;\"><span style=\"vertical-align: inherit;\"><span style=\"vertical-align: inherit;\"><span style=\"vertical-align: inherit;\"><span style=\"vertical-align: inherit;\"> Lorsque le moteur est \u00e9teint, l'ebike se comporte comme un v\u00e9lo musculaire normal, sans offrir de r\u00e9sistance au p\u00e9dalage.<\/span><\/span><\/span><\/span><\/span><\/span><\/li>\n<\/ul>\n<p><span style=\"vertical-align: inherit;\"><span style=\"vertical-align: inherit;\"><span style=\"vertical-align: inherit;\"><span style=\"vertical-align: inherit;\"><span style=\"vertical-align: inherit;\"><span style=\"vertical-align: inherit;\">Les <\/span><\/span><\/span><\/span><\/span><\/span><strong><span style=\"vertical-align: inherit;\"><span style=\"vertical-align: inherit;\"><span style=\"vertical-align: inherit;\"><span style=\"vertical-align: inherit;\"><span style=\"vertical-align: inherit;\"><span style=\"vertical-align: inherit;\">inconv\u00e9nients<\/span><\/span><\/span><\/span><\/span><\/span><\/strong><span style=\"vertical-align: inherit;\"><span style=\"vertical-align: inherit;\"><span style=\"vertical-align: inherit;\"><span style=\"vertical-align: inherit;\"><span style=\"vertical-align: inherit;\"><span style=\"vertical-align: inherit;\"> du moteur dans le moyeu arri\u00e8re des v\u00e9los \u00e9lectriques :<\/span><\/span><\/span><\/span><\/span><\/span><\/p>\n<ul>\n<li><strong><span style=\"vertical-align: inherit;\"><span style=\"vertical-align: inherit;\"><span style=\"vertical-align: inherit;\"><span style=\"vertical-align: inherit;\"><span style=\"vertical-align: inherit;\"><span style=\"vertical-align: inherit;\">Puissance inf\u00e9rieure<\/span><\/span><\/span><\/span><\/span><\/span><\/strong><span style=\"vertical-align: inherit;\"><span style=\"vertical-align: inherit;\"><span style=\"vertical-align: inherit;\"><span style=\"vertical-align: inherit;\"><span style=\"vertical-align: inherit;\"><span style=\"vertical-align: inherit;\"> Le moteur situ\u00e9 dans le moyeu arri\u00e8re est moins puissant qu'un moteur mont\u00e9 au milieu, et peut fournir moins d'assistance au p\u00e9dalage dans les mont\u00e9es ou sur les itin\u00e9raires tr\u00e8s exigeants.<\/span><\/span><\/span><\/span><\/span><\/span><\/li>\n<li><strong><span style=\"vertical-align: inherit;\"><span style=\"vertical-align: inherit;\"><span style=\"vertical-align: inherit;\"><span style=\"vertical-align: inherit;\"><span style=\"vertical-align: inherit;\"><span style=\"vertical-align: inherit;\">Autonomie r\u00e9duite<\/span><\/span><\/span><\/span><\/span><\/span><\/strong><span style=\"vertical-align: inherit;\"><span style=\"vertical-align: inherit;\"><span style=\"vertical-align: inherit;\"><span style=\"vertical-align: inherit;\"><span style=\"vertical-align: inherit;\"><span style=\"vertical-align: inherit;\"> Le moteur dans le moyeu arri\u00e8re est moins efficace dans l'utilisation de l'\u00e9nergie qu'un moteur mont\u00e9 au milieu, une batterie de taille moyenne peut fournir une autonomie plus courte, ce qui n'emp\u00eache pas certains mod\u00e8les d'atteindre une autonomie de plus de 70 km.<\/span><\/span><\/span><\/span><\/span><\/span><\/li>\n<li><strong><span style=\"vertical-align: inherit;\"><span style=\"vertical-align: inherit;\"><span style=\"vertical-align: inherit;\"><span style=\"vertical-align: inherit;\"><span style=\"vertical-align: inherit;\"><span style=\"vertical-align: inherit;\">Difficult\u00e9s de d\u00e9montage de la roue arri\u00e8re<\/span><\/span><\/span><\/span><\/span><\/span><\/strong><span style=\"vertical-align: inherit;\"><span style=\"vertical-align: inherit;\"><span style=\"vertical-align: inherit;\"><span style=\"vertical-align: inherit;\"><span style=\"vertical-align: inherit;\"><span style=\"vertical-align: inherit;\"> En cas de crevaison du pneu ou de la chambre \u00e0 air de la roue arri\u00e8re, des difficult\u00e9s peuvent survenir lors du remplacement du pneu, surtout si vous vous trouvez en dehors de la ville ou au milieu d'un itin\u00e9raire suburbain. <\/span><\/span><\/span><\/span><\/span><span style=\"vertical-align: inherit;\"><span style=\"vertical-align: inherit;\"><span style=\"vertical-align: inherit;\"><span style=\"vertical-align: inherit;\"><span style=\"vertical-align: inherit;\">Des kits existent pour faciliter cette t\u00e2che.<\/span><\/span><\/span><\/span><\/span><\/span><\/li>\n<\/ul>\n<p><a href=\"https:\/\/donnobikes.com\/fr\/categorie-de-produits\/modulaire-ahooga\/\"><img loading=\"lazy\" decoding=\"async\" class=\"size-medium wp-image-87514 aligncenter\" src=\"https:\/\/donnobikes.com\/wp-content\/uploads\/2023\/01\/modular-profilo-400x300.jpg\" alt=\"\" width=\"400\" height=\"300\" \/><\/a><\/p>\n<p style=\"text-align: center;\"><span style=\"vertical-align: inherit;\"><span style=\"vertical-align: inherit;\"><span style=\"vertical-align: inherit;\"><span style=\"vertical-align: inherit;\"><span style=\"vertical-align: inherit;\"><span style=\"vertical-align: inherit;\">Parmi les v\u00e9los \u00e9lectriques les plus performants et les plus l\u00e9gers avec un moteur dans le moyeu de la roue arri\u00e8re : <\/span><\/span><\/span><\/span><\/span><\/span><a href=\"https:\/\/donnobikes.com\/fr\/categorie-de-produits\/modulaire-ahooga\/\"><strong><span style=\"vertical-align: inherit;\"><span style=\"vertical-align: inherit;\"><span style=\"vertical-align: inherit;\"><span style=\"vertical-align: inherit;\"><span style=\"vertical-align: inherit;\"><span style=\"vertical-align: inherit;\">Ahooga Modulaire<\/span><\/span><\/span><\/span><\/span><\/span><\/strong><\/a><span style=\"vertical-align: inherit;\"><span style=\"vertical-align: inherit;\"><span style=\"vertical-align: inherit;\"><span style=\"vertical-align: inherit;\"><span style=\"vertical-align: inherit;\"><span style=\"vertical-align: inherit;\"> le v\u00e9lo \u00e9lectrique cargo con\u00e7u pour les d\u00e9placements urbains.<\/span><\/span><\/span><\/span><\/span><\/span><\/p>\n<p>&nbsp;<\/p>\n<h2 id=\"6\">Moteur de cadence ou moteur de capteur de couple ?<\/h2>\n<p>Une autre diff\u00e9rence entre les moteurs des v\u00e9los \u00e9lectriques, qu'ils soient centraux ou situ\u00e9s dans le moyeu de la roue arri\u00e8re, concerne le <strong>gestion de la puissance du moteur<\/strong> qui s'effectue par l'interm\u00e9diaire de <strong>capteurs de vitesse<\/strong> .\n<\/p>\n<p>Il existe deux types de capteurs de vitesse, les <strong>capteurs de cadence<\/strong> ei <strong>capteurs de couple<\/strong> tous deux avec leurs propres caract\u00e9ristiques, avantages et inconv\u00e9nients.\n<\/p>\n<p><em>Voyons ensemble quelles sont leurs particularit\u00e9s et ce pour quoi ils sont le mieux adapt\u00e9s.<\/em>\n<\/p>\n<h3 id=\"7\">Capteur de couple<\/h3>\n<p><strong>Le capteur de couple<\/strong>\u00e9galement appel\u00e9 capteur d'effort ou capteur de couple, transmet \u00e0 l'unit\u00e9 de contr\u00f4le du syst\u00e8me une estimation imm\u00e9diate de la pouss\u00e9e exerc\u00e9e par le cycliste sur les p\u00e9dales.<br \/>\n<strong>Qu'est-ce que cela signifie ?<\/strong> Simple, <strong>plus vous p\u00e9dalez, plus la puissance d\u00e9livr\u00e9e est importante<\/strong>qui d\u00e9pend \u00e9videmment du programme d'assistance au p\u00e9dalage s\u00e9lectionn\u00e9, demande donc plus d'effort qu'un moteur de cadence.<\/p>\n<p>Ce type de v\u00e9lo est pr\u00e9f\u00e9r\u00e9 par les plus sportifs qui souhaitent vivre avec leur v\u00e9lo \u00e9lectrique l'exp\u00e9rience d'une course \u00e0 pied. <em>v\u00e9lo muscl\u00e9<\/em> et n'utiliser l'assistance au p\u00e9dalage que pour \u00e9liminer l'exc\u00e8s de fatigue, tout en continuant \u00e0 utiliser largement la force de ses propres muscles.\n<\/p>\n<p>Il est certainement tr\u00e8s formateur, et c'est le syst\u00e8me pr\u00e9f\u00e9r\u00e9 de ceux qui aiment les longues randonn\u00e9es et qui souhaitent contribuer \u00e0 leur propre effort de p\u00e9dalage, sans \u00eatre simplement entra\u00een\u00e9s par le v\u00e9lo.\n<\/p>\n<h3 id=\"8\">Capteur de cadence<\/h3>\n<p><strong>Le capteur de cadence<\/strong> Cependant, contrairement au capteur de couple, une fois que vous commencez \u00e0 p\u00e9daler avec la force de vos jambes, <strong>d\u00e9livre la puissance en fonction de la graduation du niveau d'assistance<\/strong> de l'assistance au p\u00e9dalage.<\/p>\n<p>Les capteurs transmettent l'impulsion du mouvement au moteur, qui commence \u00e0 fournir de l'\u00e9nergie en fonction du r\u00e9glage choisi : il existe g\u00e9n\u00e9ralement entre 4 et 7 niveaux d'assistance au p\u00e9dalage, chacun fournissant plus ou moins d'\u00e9nergie. Quelle que soit l'intensit\u00e9 du p\u00e9dalage, le moteur fournit toujours la m\u00eame quantit\u00e9 d'\u00e9nergie que celle indiqu\u00e9e par le niveau d'assistance.\n<\/p>\n<p>Cette technologie pr\u00e9sente le grand avantage que le moteur s'use tr\u00e8s peu, car il est moins sollicit\u00e9 et l'est de mani\u00e8re mesur\u00e9e. Elle convient \u00e9galement tr\u00e8s bien \u00e0 ceux qui ne veulent pas travailler trop dur et qui utilisent le v\u00e9lo comme moyen de transport quotidien.<\/p>\n<h2 id=\"5\">Quelle solution choisir ?<\/h2>\n<p><strong>Le moteur central et le moteur dans le moyeu de la roue arri\u00e8re sont tous deux de bonnes solutions performantes<\/strong>Chacun a ses caract\u00e9ristiques sp\u00e9cifiques, ses avantages et ses inconv\u00e9nients. L'id\u00e9al est donc de choisir le type de v\u00e9lo \u00e9lectrique \u00e0 acheter en fonction de l'utilisation que l'on souhaite en faire. <em>Itin\u00e9raires simples et urbains ?<\/em> Le moteur dans le moyeu est le plus appropri\u00e9. Tout-terrain et itin\u00e9raires exigeants ? Moteur central.\n<\/p>\n<p><strong>Le moteur central<\/strong> est performant \u00e0 bien des \u00e9gards et convient aussi bien aux situations quotidiennes qu'aux situations extr\u00eames. <strong>moteur dans le moyeu arri\u00e8re<\/strong> est la solution parfaite pour les v\u00e9los \u00e9lectriques qui font de la l\u00e9g\u00e8ret\u00e9 leur point fort et pour une utilisation quotidienne sur des trajets plus simples, principalement urbains, il est \u00e9galement excellent pour les trajets de loisir \u00e0 la campagne et en dehors de la ville.\n<\/p>\n<p><strong>Et pour vous, quelle est la meilleure solution ? Moteur central ou moteur dans le moyeu de la roue arri\u00e8re ?<\/strong>\n<\/p>\n<p><em>Si vous avez des doutes et souhaitez en discuter avec un expert de la bicyclette, n'h\u00e9sitez pas \u00e0 nous contacter !<\/em><\/p>","protected":false},"excerpt":{"rendered":"<p>Vuoi acquistare una e-bike ma non sai se sceglierla con il motore centrale o con il motore nel mozzo della ruota posteriore? Scopri il confronto tra i due leggendo l&#8217;articolo. Finalmente hai deciso di acquistare la tua nuova e-bike ma navigando tra vari siti internet, gruppi Facebook e osservando tra le molte proposte in vendita, [&hellip;]<\/p>\n","protected":false},"author":1,"featured_media":93413,"comment_status":"closed","ping_status":"closed","sticky":false,"template":"","format":"standard","meta":{"footnotes":""},"categories":[589],"tags":[],"class_list":["post-87305","post","type-post","status-publish","format-standard","has-post-thumbnail","hentry","category-classifiche"],"meta_box":{"group":[]},"_links":{"self":[{"href":"https:\/\/donnobikes.com\/fr\/wp-json\/wp\/v2\/posts\/87305","targetHints":{"allow":["GET"]}}],"collection":[{"href":"https:\/\/donnobikes.com\/fr\/wp-json\/wp\/v2\/posts"}],"about":[{"href":"https:\/\/donnobikes.com\/fr\/wp-json\/wp\/v2\/types\/post"}],"author":[{"embeddable":true,"href":"https:\/\/donnobikes.com\/fr\/wp-json\/wp\/v2\/users\/1"}],"replies":[{"embeddable":true,"href":"https:\/\/donnobikes.com\/fr\/wp-json\/wp\/v2\/comments?post=87305"}],"version-history":[{"count":0,"href":"https:\/\/donnobikes.com\/fr\/wp-json\/wp\/v2\/posts\/87305\/revisions"}],"wp:featuredmedia":[{"embeddable":true,"href":"https:\/\/donnobikes.com\/fr\/wp-json\/wp\/v2\/media\/93413"}],"wp:attachment":[{"href":"https:\/\/donnobikes.com\/fr\/wp-json\/wp\/v2\/media?parent=87305"}],"wp:term":[{"taxonomy":"category","embeddable":true,"href":"https:\/\/donnobikes.com\/fr\/wp-json\/wp\/v2\/categories?post=87305"},{"taxonomy":"post_tag","embeddable":true,"href":"https:\/\/donnobikes.com\/fr\/wp-json\/wp\/v2\/tags?post=87305"}],"curies":[{"name":"wp","href":"https:\/\/api.w.org\/{rel}","templated":true}]}}